{"id":2637,"date":"2019-11-17T11:00:08","date_gmt":"2019-11-17T10:00:08","guid":{"rendered":"http:\/\/culturedecomptoir.com\/?p=2637"},"modified":"2019-11-17T14:03:06","modified_gmt":"2019-11-17T13:03:06","slug":"le-garcon-en-pyjama-raye-john-boyne","status":"publish","type":"post","link":"https:\/\/culturedecomptoir.com\/index.php\/2019\/11\/17\/le-garcon-en-pyjama-raye-john-boyne\/","title":{"rendered":"Le gar\u00e7on en pyjama ray\u00e9 &#8211; John Boyne"},"content":{"rendered":"\n<div class=\"wp-block-media-text alignwide is-vertically-aligned-center\" style=\"grid-template-columns:15% auto\"><figure class=\"wp-block-media-text__media\"><img loading=\"lazy\" width=\"100\" height=\"143\" src=\"http:\/\/culturedecomptoir.com\/wp-content\/uploads\/2019\/11\/51mor-6-sEL._SX346_BO1204203200_-1-e1573991300168.jpg\" alt=\"\" class=\"wp-image-2641\"\/><\/figure><div class=\"wp-block-media-text__content\">\n<p class=\"has-normal-font-size\"><strong>Genre :<\/strong>&nbsp;&nbsp;<a href=\"http:\/\/wc.pressepuree.fr\/tag\/classique\">historique<\/a>, <a href=\"http:\/\/culturedecomptoir.com\/tag\/roman\">roman<\/a>, <a href=\"http:\/\/culturedecomptoir.com\/tag\/jeunesse\">jeunesse<\/a><br><strong>Auteur :<\/strong>&nbsp;<a href=\"http:\/\/wc.pressepuree.fr\/tag\/albert-camus\">John Boyne<\/a><br><strong>Ann\u00e9e :<\/strong>&nbsp; 2006<br><strong>Nombre de pages :<\/strong>&nbsp;208<\/p>\n<\/div><\/div>\n\n\n\n<p><strong>R\u00e9sum\u00e9 :<\/strong> On est en 1942. Bruno, 9 ans, adore sa maison de 5 \u00e9tages, o\u00f9 il y a toujours un recoin \u00e0 explorer, et surtout la rambarde de son escalier par lequel il peut toujours se laisser glisser. Il adore son quartier Berlinois, et ses meilleurs copains pour la vie. Il aime moins sa grande s\u0153ur qui ne sert \u00e0 rien, mais il adore quand sa grand-m\u00e8re, cantatrice les d\u00e9guise pour No\u00ebl et leur fait jouer un spectacle pour la famille. Il aime moins aussi quand, suite \u00e0 la visite du Fourreur, son p\u00e8re a une promotion, et que la famille doit d\u00e9m\u00e9nager pour l&rsquo;accompagner dans ses nouvelles fonctions, dans un endroit qui s&rsquo;appelle Hoche-Vite. L\u00e0-bas, la nouvelle maison est beaucoup plus petite, il n&rsquo;est plus question d&rsquo;exploration, m\u00eame si les gens de l&rsquo;autre c\u00f4t\u00e9 de la barri\u00e8re, en pyjamas gris et blancs sont tr\u00e8s intrigants.<\/p>\n\n\n\n<p><strong>Ce que j&rsquo;ai aim\u00e9 :<\/strong> Le point de vue original d&rsquo;un gamin de nazi. Ce gosse est tellement \u00e0 c\u00f4t\u00e9 de la plaque, et en m\u00eame temps comment lui en vouloir. On ne lui explique jamais rien, alors quand il devient pote avec Shmuel, un m\u00f4me de l&rsquo;autre c\u00f4t\u00e9 de la barri\u00e8re, Bruno est bien souvent maladroit, voire carr\u00e9ment malaisant. Je pense qu&rsquo;en contextualisant bien, cette lecture peut \u00eatre une bonne mani\u00e8re d&rsquo;aborder la p\u00e9riode avec des pr\u00e9-ados. En tant qu&rsquo;adulte, on sait tout \u00e7a, et le c\u00f4t\u00e9 int\u00e9ressant du bouquin, c&rsquo;est qu&rsquo;il nous ram\u00e8ne un \u0153il neuf sur cette p\u00e9riode, dont on ne fera jamais assez le tour. <\/p>\n\n\n\n<p><strong>Ce que j&rsquo;ai moins aim\u00e9 :<\/strong> la fin, mais je vais pas spoiler.<\/p>\n\n\n\n<p><em>Si tu veux me soutenir, je te file un<a href=\"https:\/\/amzn.to\/32TfvhL\" target=\"_blank\" rel=\"noreferrer noopener\" aria-label=\" lien affili\u00e9 pour acheter le bouquin (s\u2019ouvre dans un nouvel onglet)\"> lien affili\u00e9 pour acheter le bouquin<\/a>.  Il existe m\u00eame une <a href=\"https:\/\/amzn.to\/37dPSvl\">version cin\u00e9matographique<\/a> de cette histoire, mais je ne l&rsquo;ai pas vue alors je te laisse d\u00e9couvrir.<\/em><\/p>\n","protected":false},"excerpt":{"rendered":"<p>Genre :&nbsp;&nbsp;historique, roman, jeunesseAuteur :&nbsp;John BoyneAnn\u00e9e :&nbsp; 2006Nombre de pages :&nbsp;208 R\u00e9sum\u00e9 : On est en 1942. Bruno, 9 ans, adore sa maison de 5 \u00e9tages, o\u00f9 il y a toujours un recoin \u00e0 explorer, et surtout la rambarde de son escalier par lequel il peut toujours se laisser glisser. Il adore son quartier Berlinois, [&hellip;]<\/p>\n","protected":false},"author":1,"featured_media":0,"comment_status":"open","ping_status":"open","sticky":false,"template":"","format":"standard","meta":[],"categories":[8],"tags":[83,145,345,9],"_links":{"self":[{"href":"https:\/\/culturedecomptoir.com\/index.php\/wp-json\/wp\/v2\/posts\/2637"}],"collection":[{"href":"https:\/\/culturedecomptoir.com\/index.php\/wp-json\/wp\/v2\/posts"}],"about":[{"href":"https:\/\/culturedecomptoir.com\/index.php\/wp-json\/wp\/v2\/types\/post"}],"author":[{"embeddable":true,"href":"https:\/\/culturedecomptoir.com\/index.php\/wp-json\/wp\/v2\/users\/1"}],"replies":[{"embeddable":true,"href":"https:\/\/culturedecomptoir.com\/index.php\/wp-json\/wp\/v2\/comments?post=2637"}],"version-history":[{"count":10,"href":"https:\/\/culturedecomptoir.com\/index.php\/wp-json\/wp\/v2\/posts\/2637\/revisions"}],"predecessor-version":[{"id":2649,"href":"https:\/\/culturedecomptoir.com\/index.php\/wp-json\/wp\/v2\/posts\/2637\/revisions\/2649"}],"wp:attachment":[{"href":"https:\/\/culturedecomptoir.com\/index.php\/wp-json\/wp\/v2\/media?parent=2637"}],"wp:term":[{"taxonomy":"category","embeddable":true,"href":"https:\/\/culturedecomptoir.com\/index.php\/wp-json\/wp\/v2\/categories?post=2637"},{"taxonomy":"post_tag","embeddable":true,"href":"https:\/\/culturedecomptoir.com\/index.php\/wp-json\/wp\/v2\/tags?post=2637"}],"curies":[{"name":"wp","href":"https:\/\/api.w.org\/{rel}","templated":true}]}}