{"id":2653,"date":"2019-11-24T11:00:00","date_gmt":"2019-11-24T10:00:00","guid":{"rendered":"http:\/\/culturedecomptoir.com\/?p=2653"},"modified":"2019-11-23T10:15:18","modified_gmt":"2019-11-23T09:15:18","slug":"bloc-11-piero-degli-antoni","status":"publish","type":"post","link":"https:\/\/culturedecomptoir.com\/index.php\/2019\/11\/24\/bloc-11-piero-degli-antoni\/","title":{"rendered":"Bloc 11 &#8211; Piero Degli Antoni"},"content":{"rendered":"\n<div class=\"wp-block-media-text alignwide\" style=\"grid-template-columns:25% auto\"><figure class=\"wp-block-media-text__media\"><img loading=\"lazy\" width=\"220\" height=\"354\" src=\"http:\/\/culturedecomptoir.com\/wp-content\/uploads\/2019\/11\/Bloc-11-1.jpg\" alt=\"\" class=\"wp-image-2655\" srcset=\"https:\/\/culturedecomptoir.com\/wp-content\/uploads\/2019\/11\/Bloc-11-1.jpg 220w, https:\/\/culturedecomptoir.com\/wp-content\/uploads\/2019\/11\/Bloc-11-1-186x300.jpg 186w\" sizes=\"(max-width: 220px) 100vw, 220px\" \/><\/figure><div class=\"wp-block-media-text__content\">\n<p class=\"has-normal-font-size\"><strong>Genre :<\/strong>&nbsp;&nbsp;<a href=\"http:\/\/wc.pressepuree.fr\/tag\/classique\">historique<\/a>, <a href=\"http:\/\/culturedecomptoir.com\/tag\/roman\">roman<\/a>, <a rel=\"noreferrer noopener\" aria-label=\"drame (s\u2019ouvre dans un nouvel onglet)\" href=\"http:\/\/culturedecomptoir.com\/tag\/drame\" target=\"_blank\">drame<\/a><br><strong>Auteur :<\/strong>&nbsp;<a href=\"http:\/\/culturedecomptoir.com\/tag\/piero-degli-antoni\">Piero Degli Antoni<\/a><br><strong>Ann\u00e9e :<\/strong>&nbsp; 2010<br><strong>Nombre de pages :<\/strong>&nbsp;280<\/p>\n<\/div><\/div>\n\n\n\n<p> <strong>R\u00e9sum\u00e9 :<\/strong> On est en 1944, \u00e0 Auschwitz. Un autre monde, quoi. Il y a eu une \u00e9vasion de trois prisonniers. Dans ce cas-l\u00e0, il est d&rsquo;usage de fusiller des camarades restants sur place. Mais des fois, les nazis ont de l&rsquo;imagination et cette fois, le commandant a une nouvelle id\u00e9e. On va pas simplement faire une banale fusillade. Pendant qu&rsquo;il fait tranquillou une partie d&rsquo;\u00e9checs avec son gamin, il demande \u00e0 ce qu&rsquo;on enferme 10 prisonniers dans le bloc 11 et leur laisse la nuit pour d\u00e9cider lequel d&rsquo;entre eux sera fusill\u00e9 au petit matin. Evidemment, dans ce genre de cas, rien n&rsquo;est moins simple. Quelle vie vaut plus qu&rsquo;une autre? Et puis qu&rsquo;en sera-t-il au petit matin? M\u00eame si un nom sort, qui dit que les nazis vont respecter le deal qu&rsquo;ils ont eux-m\u00eame impos\u00e9s?<\/p>\n\n\n\n<p>  <strong>Ce que j&rsquo;ai aim\u00e9 :<\/strong> Si tu as une petite apr\u00e8s-midi \u00e0 passer \u00e0 la fra\u00eeche sous ton plaid, tu revisites ici le traditionnel huis-clos. La mise en sc\u00e8ne dans le camp ajoute une pression suppl\u00e9mentaire au contexte angoissant. En ce qui concerne le contexte historique, ce roman est vraiment pas mal. D\u00e9j\u00e0, la vie du camp, bien qu&rsquo;assez succinctement d\u00e9crite, est assez imaginable. L&rsquo;auteur diss\u00e9mine son r\u00e9cit de mots de vocabulaire du camp et nous met un lexique \u00e0 la fin.  Ce huis clos sert aussi de pr\u00e9texte \u00e0 d\u00e9crire la diversit\u00e9 de prisonniers. On a tous en t\u00eate les juifs, qui ont \u00e9t\u00e9 effectivement les premi\u00e8res victimes. <\/p>\n\n\n\n<div class=\"wp-block-jetpack-tiled-gallery aligncenter is-style-rectangular\"><div class=\"tiled-gallery__gallery\"><div class=\"tiled-gallery__row\"><div class=\"tiled-gallery__col\"><figure class=\"tiled-gallery__item\"><img alt=\"\" data-height=\"480\" data-id=\"2661\" data-link=\"http:\/\/culturedecomptoir.com\/?attachment_id=2661\" data-url=\"http:\/\/culturedecomptoir.com\/wp-content\/uploads\/2019\/11\/IMG_1660.jpg\" data-width=\"640\" src=\"https:\/\/i0.wp.com\/culturedecomptoir.com\/wp-content\/uploads\/2019\/11\/IMG_1660.jpg\"\/><\/figure><\/div><div class=\"tiled-gallery__col\"><figure class=\"tiled-gallery__item\"><img alt=\"\" data-height=\"436\" data-id=\"2662\" data-link=\"http:\/\/culturedecomptoir.com\/?attachment_id=2662\" data-url=\"http:\/\/culturedecomptoir.com\/wp-content\/uploads\/2019\/11\/IMG_1659.jpg\" data-width=\"282\" src=\"https:\/\/i0.wp.com\/culturedecomptoir.com\/wp-content\/uploads\/2019\/11\/IMG_1659.jpg\"\/><\/figure><\/div><\/div><\/div><\/div>\n\n\n\n<p> <strong>Ce que j&rsquo;ai moins aim\u00e9 :<\/strong> J&rsquo;ai eu du mal \u00e0 m&rsquo;attacher aux personnages, l&rsquo;impression de les regarder derri\u00e8re une vitrine. Justement, leur diversit\u00e9, j&rsquo;ai eu du mal \u00e0 gober que c&rsquo;\u00e9tait anodin. D&rsquo;autre part, l&rsquo;auteur fait un parall\u00e8le entre la partie d&rsquo;\u00e9checs  que m\u00e8ne le commandant avec les pions du bloc 11. Alors, c&rsquo;est assez bien en soi, mais j&rsquo;ai lu il y a peu de temps l\u2019\u00c9chiquier du mal de Dan Simmons, qui est quand m\u00eame un chef d&rsquo;oeuvre du thriller fantastique (mais je vous en parlerai une autre fois). Donc c&rsquo;est encore trop haut et trop frais dans ma t\u00eate pour que je ne fasse pas un parall\u00e8le que Piero Degli Antoni ne m\u00e9rite pas. <\/p>\n\n\n\n<p class=\"has-normal-font-size\"> <em>Si tu veux me soutenir, je te file un<a rel=\"noreferrer noopener\" aria-label=\" (s\u2019ouvre dans un nouvel onglet)\" href=\"https:\/\/amzn.to\/33bDQj4\" target=\"_blank\">&nbsp;lien affili\u00e9 pour acheter le bouquin<\/a>. C&rsquo;est un lien affili\u00e9 Amazon (saymaljesaismaissitasmieuxjeprends), tu peux t&rsquo;en servir pour aussi acheter autre chose.<\/em><\/p>\n","protected":false},"excerpt":{"rendered":"<p>Genre :&nbsp;&nbsp;historique, roman, drameAuteur :&nbsp;Piero Degli AntoniAnn\u00e9e :&nbsp; 2010Nombre de pages :&nbsp;280 R\u00e9sum\u00e9 : On est en 1944, \u00e0 Auschwitz. Un autre monde, quoi. Il y a eu une \u00e9vasion de trois prisonniers. Dans ce cas-l\u00e0, il est d&rsquo;usage de fusiller des camarades restants sur place. Mais des fois, les nazis ont de l&rsquo;imagination et [&hellip;]<\/p>\n","protected":false},"author":1,"featured_media":0,"comment_status":"open","ping_status":"open","sticky":false,"template":"","format":"standard","meta":[],"categories":[8],"tags":[152,83,346,9],"_links":{"self":[{"href":"https:\/\/culturedecomptoir.com\/index.php\/wp-json\/wp\/v2\/posts\/2653"}],"collection":[{"href":"https:\/\/culturedecomptoir.com\/index.php\/wp-json\/wp\/v2\/posts"}],"about":[{"href":"https:\/\/culturedecomptoir.com\/index.php\/wp-json\/wp\/v2\/types\/post"}],"author":[{"embeddable":true,"href":"https:\/\/culturedecomptoir.com\/index.php\/wp-json\/wp\/v2\/users\/1"}],"replies":[{"embeddable":true,"href":"https:\/\/culturedecomptoir.com\/index.php\/wp-json\/wp\/v2\/comments?post=2653"}],"version-history":[{"count":11,"href":"https:\/\/culturedecomptoir.com\/index.php\/wp-json\/wp\/v2\/posts\/2653\/revisions"}],"predecessor-version":[{"id":2669,"href":"https:\/\/culturedecomptoir.com\/index.php\/wp-json\/wp\/v2\/posts\/2653\/revisions\/2669"}],"wp:attachment":[{"href":"https:\/\/culturedecomptoir.com\/index.php\/wp-json\/wp\/v2\/media?parent=2653"}],"wp:term":[{"taxonomy":"category","embeddable":true,"href":"https:\/\/culturedecomptoir.com\/index.php\/wp-json\/wp\/v2\/categories?post=2653"},{"taxonomy":"post_tag","embeddable":true,"href":"https:\/\/culturedecomptoir.com\/index.php\/wp-json\/wp\/v2\/tags?post=2653"}],"curies":[{"name":"wp","href":"https:\/\/api.w.org\/{rel}","templated":true}]}}